[{"@context":"https:\/\/schema.org\/","@type":"Article","@id":"https:\/\/www.duhafoe.cz\/uceni-o-prazdninach-ano-nebo-ne\/#Article","mainEntityOfPage":"https:\/\/www.duhafoe.cz\/uceni-o-prazdninach-ano-nebo-ne\/","headline":"U\u010den\u00ed o pr\u00e1zdnin\u00e1ch: ano nebo ne?","name":"U\u010den\u00ed o pr\u00e1zdnin\u00e1ch: ano nebo ne?","description":"Pr\u00e1zdniny jsou \u010dasem, kter\u00fd ka\u017ed\u00fd student ocen\u00ed a cel\u00fd rok se na n\u011bj t\u011b\u0161\u00ed. Dva &hellip; ","datePublished":"2021-09-22","dateModified":"2023-04-29","author":{"@type":"Person","@id":"https:\/\/www.duhafoe.cz\/author\/devene\/#Person","name":"devene","url":"https:\/\/www.duhafoe.cz\/author\/devene\/","identifier":1,"image":{"@type":"ImageObject","@id":"https:\/\/secure.gravatar.com\/avatar\/d61351daa6b4b113e92ed2d39ca84063b8a3419e3b611b82557c5b9e6ade1cef?s=96&d=mm&r=g","url":"https:\/\/secure.gravatar.com\/avatar\/d61351daa6b4b113e92ed2d39ca84063b8a3419e3b611b82557c5b9e6ade1cef?s=96&d=mm&r=g","height":96,"width":96}},"publisher":{"@type":"Organization","name":"duhafoe.cz","logo":{"@type":"ImageObject","@id":"\/logo.png","url":"\/logo.png","width":600,"height":60}},"image":{"@type":"ImageObject","@id":"https:\/\/www.duhafoe.cz\/wp-content\/uploads\/girl-g14dc1c673_1920.jpg","url":"https:\/\/www.duhafoe.cz\/wp-content\/uploads\/girl-g14dc1c673_1920.jpg","height":0,"width":0},"url":"https:\/\/www.duhafoe.cz\/uceni-o-prazdninach-ano-nebo-ne\/","about":["Vzd\u011bl\u00e1n\u00ed"],"wordCount":451,"articleBody":"Pr\u00e1zdniny jsou \u010dasem, kter\u00fd ka\u017ed\u00fd student ocen\u00ed a cel\u00fd rok se na n\u011bj t\u011b\u0161\u00ed. Dva m\u011bs\u00edce pln\u00e9 bezstarostn\u00fdch chvil a ud\u00e1lost\u00ed s kamar\u00e1dy prost\u011b ka\u017ed\u00fd miluje a u\u017e\u00edv\u00e1 si tyto dva m\u011bs\u00edce naplno proto\u017ee tato chv\u00edle, slovn\u011b zd\u00e1 se dlouh\u00e1, ov\u0161em velmi rychle ute\u010de a pak zase p\u0159ijde na \u0159adu deset opravn\u00fdch m\u011bs\u00edc\u016f pln\u00fdch stresu, nev\u011bdomosti, u n\u011bkoho i pl\u00e1\u010de a bezradnosti kdy nev\u00edme, pro\u010d jsme vlastn\u011b na sv\u011bt\u011b. Jen\u017ee- mnohdy b\u011bhem t\u011bchto dvou m\u011bs\u00edc\u016f doch\u00e1z\u00ed k ot\u00e1zce- co m\u00e1m d\u011blat? Nem\u00e1m tento \u010das p\u0159eci jen vyu\u017e\u00edt k u\u010den\u00ed? M\u016f\u017eu dohnat v\u0161echny blb\u00e9 zn\u00e1mky a nastoupit tak do \u0161koly jako n\u011bkdo nov\u00fd, n\u011bkdo mnohem chyt\u0159ej\u0161\u00ed. Toto si \u0159\u00edk\u00e1 dost student\u016f a v dne\u0161n\u00ed usp\u011bchan\u00e9 dob\u011b bohu\u017eel tak\u00e9 \u010d\u00edm d\u00e1l t\u00edm v\u00edce student\u016f, proto\u017ee pokud nem\u00e1te studium, nen\u00ed ani vysok\u00fd plat. To nemus\u00ed b\u00fdt pravidlem, ale v\u011bt\u0161inou to tak je.Je tedy dobr\u00e9 v\u011bnovat dva m\u011bs\u00edce volna \u0161kole a n\u011bco si zopakovat? odpov\u011b\u010f zn\u00ed ne. A te\u010f pro\u010d?Deset m\u011bs\u00edc\u016f d\u0159eme. I ti nejhor\u0161\u00ed do toho t\u011bch deset m\u011bs\u00edc\u016f vkl\u00e1daj\u00ed nejv\u00edc, co mohou, i kdy\u017e se to na prvn\u00ed pohled nemus\u00ed zd\u00e1t. Dva m\u011bs\u00edce pr\u00e1zdnin existuj\u00ed z n\u011bjak\u00e9ho d\u016fvodu- abychom m\u011bli klid v du\u0161i a to doslova. Proto\u017ee dva m\u011bs\u00edce poprv\u00e9 nejsme vystaveni stresu, kter\u00fd je pro na\u0161e t\u011blo opravdu neprosp\u011b\u0161n\u00fd a zp\u016fsobuje mnoho nemoc\u00ed, u kter\u00fdch t\u0159eba ani nev\u00edme, \u017ee ze stresu jsou. Proto je dobr\u00e9 si ty dva m\u011bs\u00edce odpo\u010dinout, jsou to p\u0159eci jen pouze dva m\u011bs\u00edce v porovn\u00e1n\u00ed s deseti m\u011bs\u00edci. To ale neznamen\u00e1, \u017ee v tento \u010das nebudeme d\u011blat nic.P\u0159e\u010d\u00edst si kn\u00ed\u017eku \u010di pohovo\u0159it na dovolen\u00e9 ciz\u00edm jazykem je pro n\u00e1\u0161 mozek naopak zdrav\u00e9 a rozv\u00edj\u00edme tak svoje my\u0161len\u00ed a inteligenci o n\u011bco v\u00edc. Tak\u00e9 sledov\u00e1n\u00ed seri\u00e1l\u016f je prakticky takov\u00e1 p\u0159\u00edprava, ale mnohem v\u00edce z\u00e1bavn\u00e1 ne\u017e sed\u011bt u u\u010debnice. Rozhodn\u011b se na u\u010den\u00ed vyka\u0161lete a u\u017eijte si pr\u00e1zdniny, dokud je m\u00e1te, proto\u017ee jakmile nastoup\u00edte do pr\u00e1ce, budete litovat toho, \u017ee jste se n\u011bkdy p\u0159edt\u00edm o pr\u00e1zdnin\u00e1ch u\u010dili.                                                                                                                                                                                                                                                                                                                                                                                        4.4\/5 - (11 votes)        "},{"@context":"https:\/\/schema.org\/","@type":"BreadcrumbList","itemListElement":[{"@type":"ListItem","position":1,"name":"U\u010den\u00ed o pr\u00e1zdnin\u00e1ch: ano nebo ne?","item":"https:\/\/www.duhafoe.cz\/uceni-o-prazdninach-ano-nebo-ne\/#breadcrumbitem"}]}]